{"id":342,"date":"2022-04-03T12:16:59","date_gmt":"2022-04-03T10:16:59","guid":{"rendered":"https:\/\/ischia.org\/news\/?p=342"},"modified":"2022-04-03T12:16:59","modified_gmt":"2022-04-03T10:16:59","slug":"la-mortella-03-04-2022","status":"publish","type":"post","link":"https:\/\/ischia.org\/news\/la-mortella-03-04-2022\/","title":{"rendered":"La Mortella 03\/04\/2022"},"content":{"rendered":"<pre>Fondazione William Walton e La Mortella\r\nWilliam Walton Trust\r\n<strong>Incontri Musicali<\/strong>\r\nStagione Primavera-Estate 2022\r\nMusica da camera\r\nDuo Dallagnese\r\n2 pianoforti\r\nSabato 2 e Domenica 3 aprile - ore 17:00\r\nF. Schubert - Fantasia D 940\r\nF. Schubert - \"Lebensst\u00fcrme\" D 947\r\nS. Rachmaninov - Suite n. 2 op. 17\r\n<\/pre>\n<p><!--more--><\/p>\n<p>Sar\u00e0 il duo pianistico formato dalle sorelle gemelle Eleonora e Beatrice Dallagnese ad inaugurare la stagione 2022 di concerti di musica da camera della Fondazione William Walton.<\/p>\n<p>Eleonora e Beatrice, venete di origine, sono appena ventunenni ma gi\u00e0 affermate nel panorama musicale nazionale sia come soliste che in duo. Dopo il diploma al Conservatorio di Padova con lode e menzione speciale, si stanno perfezionando presso l\u2019Accademia di Imola con prestigiosi docenti. Si sono esibite in importanti Sale concertistiche e Teatri in Italia (Accademia Filarmonica di Verona, Societ\u00e0 del Quartetto di Milano, Accademia Filarmonica di Bologna, Ferrara International Piano Festival, Pistoia, Ravenna, Perugia, Firenze, Roma, Palermo etc.) e all\u2019estero (Carnegie Hall di New York, Wiener Saal di Salisburgo). Hanno suonato, in qualit\u00e0 di soliste, con varie orchestre (Orchestra Sinfonica Abruzzese, Orchestra Filarmonica di Bacau, Virtuosi Brunensis Orchestra) e alcuni loro concerti sono stati trasmessi in canali televisivi. Hanno partecipato a concorsi nazionali e internazionali sia come soliste che in duo ottenendo<br>\nprimi premi assoluti: Concorso Internazionale \u201cDiapason d\u2019oro\u201d di Pordenone, Concorso Internazionale \u201cCitt\u00e0 di San Don\u00e0 di Piave\u201d, Concours International de Piano \u00e0 4 mains a Montecarlo, Cesar Franck International Piano Competition di Bruxelles, American Prot\u00e9g\u00e9 International Competition di New York e tanti altri.<\/p>\n<p>Alla Mortella il duo Dallagnese presenter\u00e0 un programma che le vedr\u00e0 impegnate, sia in duo a 4 mani che per due pianoforti, in alcune importanti composizioni di Schubert e Rachmaninoff. Di Schubert potremo ascoltare uno dei pezzi pi\u00f9 celebri ed eseguiti, la sublime Fantasia in fa min. per pianoforte a 4 mani: scritta nel 1828, pochi mesi prima della morte, \u00e8 una pagina poetica, melanconica, evocativa, ma anche brillante e colma di pathos. In momenti cos\u00ec drammatici per il mondo intero Beatrice ed Eleonora ci invitano a seguire la musica di &#8220;codesto ragazzo&#8221; in cui, disse Beethoven, &#8220;c&#8217;\u00e8 la fiamma divina&#8221;.<\/p>\n","protected":false},"excerpt":{"rendered":"<p>Fondazione William Walton e La Mortella William Walton Trust Incontri Musicali Stagione Primavera-Estate 2022 Musica da camera&#8230;<\/p>\n","protected":false},"author":1,"featured_media":85,"comment_status":"closed","ping_status":"open","sticky":false,"template":"","format":"standard","meta":{"footnotes":"","jetpack_publicize_message":"","jetpack_publicize_feature_enabled":true,"jetpack_social_post_already_shared":false,"jetpack_social_options":{"image_generator_settings":{"template":"highway","default_image_id":0,"font":"","enabled":false},"version":2}},"categories":[1],"tags":[],"class_list":["post-342","post","type-post","status-publish","format-standard","has-post-thumbnail","hentry","category-senza-categoria","wpcat-1-id"],"jetpack_publicize_connections":[],"_links":{"self":[{"href":"https:\/\/ischia.org\/news\/wp-json\/wp\/v2\/posts\/342","targetHints":{"allow":["GET"]}}],"collection":[{"href":"https:\/\/ischia.org\/news\/wp-json\/wp\/v2\/posts"}],"about":[{"href":"https:\/\/ischia.org\/news\/wp-json\/wp\/v2\/types\/post"}],"author":[{"embeddable":true,"href":"https:\/\/ischia.org\/news\/wp-json\/wp\/v2\/users\/1"}],"replies":[{"embeddable":true,"href":"https:\/\/ischia.org\/news\/wp-json\/wp\/v2\/comments?post=342"}],"version-history":[{"count":1,"href":"https:\/\/ischia.org\/news\/wp-json\/wp\/v2\/posts\/342\/revisions"}],"predecessor-version":[{"id":343,"href":"https:\/\/ischia.org\/news\/wp-json\/wp\/v2\/posts\/342\/revisions\/343"}],"wp:featuredmedia":[{"embeddable":true,"href":"https:\/\/ischia.org\/news\/wp-json\/wp\/v2\/media\/85"}],"wp:attachment":[{"href":"https:\/\/ischia.org\/news\/wp-json\/wp\/v2\/media?parent=342"}],"wp:term":[{"taxonomy":"category","embeddable":true,"href":"https:\/\/ischia.org\/news\/wp-json\/wp\/v2\/categories?post=342"},{"taxonomy":"post_tag","embeddable":true,"href":"https:\/\/ischia.org\/news\/wp-json\/wp\/v2\/tags?post=342"}],"curies":[{"name":"wp","href":"https:\/\/api.w.org\/{rel}","templated":true}]}}