{"id":356,"date":"2022-04-09T13:44:12","date_gmt":"2022-04-09T11:44:12","guid":{"rendered":"https:\/\/ischia.org\/news\/?p=356"},"modified":"2022-04-09T13:44:12","modified_gmt":"2022-04-09T11:44:12","slug":"personale-di-amedeo-piro","status":"publish","type":"post","link":"https:\/\/ischia.org\/news\/personale-di-amedeo-piro\/","title":{"rendered":"Personale di Amedeo Piro"},"content":{"rendered":"<p>Rappresentare il mondo secondo le proprie tendenze e i propri sentimenti<br>\nPersonale di Amedeo Piro, fotoamatore<br>\nDomani, domenica 10 aprile 2022 alle ore 12.15 sar\u00e0 inaugurata la mostra \u201cRiti ed espressioni 2\u201d, personale di Amedeo Piro, fotoamatore, presso il luogo \u201csimbolo\u201d di Casamicciola Terme: la Basilica Pontificia del Sacro Cuore di Ges\u00f9 e di Santa Maria Maddalena Penitente, che quest\u2019anno festeggia il suo giubileo parrocchiale (125\u00b0 anniversario dall\u2019apertura). L\u2019iniziativa promossa dall\u2019Associazione Pro Casamicciola Terme \u00e8 riconosciuta e patrocinata dalla Federazione Italiana Associazioni Filateliche di cui Amedeo Piro \u00e8 socio \u201cstorico\u201d. Amedeo sottolinea come \u201cla fotografia consente\u2026 di singolarizzare un intimo contatto con la natura e permette di analizzare il mondo e chi lo abita, di rappresentarlo secondo le proprie tendenze e i propri sentimenti\u201d. La mostra, ideale continuazione della \u201cprima edizione\u201d del 2002, \u00e8 incentrata sui riti della Settimana Santa a Casamicciola Terme ed offre \u201cla possibilit\u00e0 di guardare indietro per riscoprire noi stessi, nostro \u201cdover essere\u201d\u201d. Sar\u00e0 possibile visitare la mostra fino a giugno 2022, dal luned\u00ec al venerd\u00ec dalle ore 18 alle ore 20, domenica e festivi dalle ore 10 alle ore 12 e dalle ore 18 alle 20, sabato chiuso. Saranno programmate aperture straordinarie.<\/p>\n","protected":false},"excerpt":{"rendered":"<p>Rappresentare il mondo secondo le proprie tendenze e i propri sentimenti Personale di Amedeo Piro, fotoamatore Domani,&#8230;<\/p>\n","protected":false},"author":1,"featured_media":357,"comment_status":"closed","ping_status":"open","sticky":false,"template":"","format":"standard","meta":{"footnotes":"","jetpack_publicize_message":"","jetpack_publicize_feature_enabled":true,"jetpack_social_post_already_shared":false,"jetpack_social_options":{"image_generator_settings":{"template":"highway","default_image_id":0,"font":"","enabled":false},"version":2}},"categories":[1],"tags":[],"class_list":["post-356","post","type-post","status-publish","format-standard","has-post-thumbnail","hentry","category-senza-categoria","wpcat-1-id"],"jetpack_publicize_connections":[],"_links":{"self":[{"href":"https:\/\/ischia.org\/news\/wp-json\/wp\/v2\/posts\/356","targetHints":{"allow":["GET"]}}],"collection":[{"href":"https:\/\/ischia.org\/news\/wp-json\/wp\/v2\/posts"}],"about":[{"href":"https:\/\/ischia.org\/news\/wp-json\/wp\/v2\/types\/post"}],"author":[{"embeddable":true,"href":"https:\/\/ischia.org\/news\/wp-json\/wp\/v2\/users\/1"}],"replies":[{"embeddable":true,"href":"https:\/\/ischia.org\/news\/wp-json\/wp\/v2\/comments?post=356"}],"version-history":[{"count":1,"href":"https:\/\/ischia.org\/news\/wp-json\/wp\/v2\/posts\/356\/revisions"}],"predecessor-version":[{"id":358,"href":"https:\/\/ischia.org\/news\/wp-json\/wp\/v2\/posts\/356\/revisions\/358"}],"wp:featuredmedia":[{"embeddable":true,"href":"https:\/\/ischia.org\/news\/wp-json\/wp\/v2\/media\/357"}],"wp:attachment":[{"href":"https:\/\/ischia.org\/news\/wp-json\/wp\/v2\/media?parent=356"}],"wp:term":[{"taxonomy":"category","embeddable":true,"href":"https:\/\/ischia.org\/news\/wp-json\/wp\/v2\/categories?post=356"},{"taxonomy":"post_tag","embeddable":true,"href":"https:\/\/ischia.org\/news\/wp-json\/wp\/v2\/tags?post=356"}],"curies":[{"name":"wp","href":"https:\/\/api.w.org\/{rel}","templated":true}]}}