{"id":461,"date":"2023-04-14T15:31:09","date_gmt":"2023-04-14T13:31:09","guid":{"rendered":"https:\/\/ischia.org\/news\/?p=461"},"modified":"2023-04-14T15:31:09","modified_gmt":"2023-04-14T13:31:09","slug":"rassegna-sena-15-04-2023","status":"publish","type":"post","link":"https:\/\/ischia.org\/news\/rassegna-sena-15-04-2023\/","title":{"rendered":"Rassegna Sena 15\/04\/2023"},"content":{"rendered":"<p>Trentatreesima Rassegna \u201cprof. Raffaele Sena\u201d<br>\ndegli studenti di musica dell\u2019isola d\u2019Ischia<br>\nSabato 15 aprile 2023, alle ore 10, presso la Basilica Pontificia del Sacro Cuore di Ges\u00f9 e di Santa Maria Maddalena di Casamicciola Terme, dopo la pausa dello scorso anno a causa del noto triste evento che ha colpito la cittadina, la Pro Loco Casamicciola Terme APS ha promosso la trentatreesima Rassegna \u201cProf. Raffaele Sena\u201d degli studenti di musica dell\u2019isola d\u2019Ischia, nella convinzione che \u201cNiente garantisce al seme la sua rinascita. Ma il seme ha troppo desiderio di luce\u201d (Fabrizio Caramagna). L\u2019evento nasce con l\u2019intento di valorizzare la diffusione della cultura musicale ad ogni livello, offrire una qualificata opportunit\u00e0 ai giovani studenti di musica di far partecipe l\u2019intera collettivit\u00e0 della loro esperienza artistica e favorire la pratica della musica d\u2019insieme. L\u2019iniziativa vuole, inoltre, promuovere, soprattutto a livello locale, le attivit\u00e0 creative dei giovani, fornendo loro delle opportunit\u00e0 di crescita poco esaltate e favorite, per venire incontro alla vitale necessit\u00e0 dei giovani di poter comunicare le proprie esperienze, di poter dialogare e confrontarsi in una societ\u00e0 in cui \u00e8 estremamente difficile poter emergere, farsi conoscere da un pubblico sempre pi\u00f9 vasto e consapevole. La Rassegna \u00e8 intitolata al prof. Raffaele Sena (1908-1998), di cui quest\u2019anno ricorre il venticinquesimo anniversario della scomparsa, indimenticabile fondatore e presidente degli Amici della Musica dell\u2019isola d\u2019Ischia, nonch\u00e9 lungimirante operatore turistico a cui l\u2019isola d\u2019Ischia deve tanto soprattutto per l\u2019instancabile sua opera per far conoscere Ischia oltre i confini nazionali. Fu proprio il prof. Sena a volere tale appuntamento con i giovani della nostra isola e, fino ad oggi, la manifestazione raccoglie unanimi consensi presso i giovani musicisti isolani. L\u2019ingresso \u00e8 libero fino ad esaurimento dei posti disponibili.<\/p>\n","protected":false},"excerpt":{"rendered":"<p>Trentatreesima Rassegna \u201cprof. Raffaele Sena\u201d degli studenti di musica dell\u2019isola d\u2019Ischia Sabato 15 aprile 2023, alle ore&#8230;<\/p>\n","protected":false},"author":1,"featured_media":462,"comment_status":"closed","ping_status":"open","sticky":false,"template":"","format":"standard","meta":{"footnotes":"","jetpack_publicize_message":"","jetpack_publicize_feature_enabled":true,"jetpack_social_post_already_shared":false,"jetpack_social_options":{"image_generator_settings":{"template":"highway","default_image_id":0,"font":"","enabled":false},"version":2}},"categories":[1],"tags":[],"class_list":["post-461","post","type-post","status-publish","format-standard","has-post-thumbnail","hentry","category-senza-categoria","wpcat-1-id"],"jetpack_publicize_connections":[],"_links":{"self":[{"href":"https:\/\/ischia.org\/news\/wp-json\/wp\/v2\/posts\/461","targetHints":{"allow":["GET"]}}],"collection":[{"href":"https:\/\/ischia.org\/news\/wp-json\/wp\/v2\/posts"}],"about":[{"href":"https:\/\/ischia.org\/news\/wp-json\/wp\/v2\/types\/post"}],"author":[{"embeddable":true,"href":"https:\/\/ischia.org\/news\/wp-json\/wp\/v2\/users\/1"}],"replies":[{"embeddable":true,"href":"https:\/\/ischia.org\/news\/wp-json\/wp\/v2\/comments?post=461"}],"version-history":[{"count":1,"href":"https:\/\/ischia.org\/news\/wp-json\/wp\/v2\/posts\/461\/revisions"}],"predecessor-version":[{"id":463,"href":"https:\/\/ischia.org\/news\/wp-json\/wp\/v2\/posts\/461\/revisions\/463"}],"wp:featuredmedia":[{"embeddable":true,"href":"https:\/\/ischia.org\/news\/wp-json\/wp\/v2\/media\/462"}],"wp:attachment":[{"href":"https:\/\/ischia.org\/news\/wp-json\/wp\/v2\/media?parent=461"}],"wp:term":[{"taxonomy":"category","embeddable":true,"href":"https:\/\/ischia.org\/news\/wp-json\/wp\/v2\/categories?post=461"},{"taxonomy":"post_tag","embeddable":true,"href":"https:\/\/ischia.org\/news\/wp-json\/wp\/v2\/tags?post=461"}],"curies":[{"name":"wp","href":"https:\/\/api.w.org\/{rel}","templated":true}]}}